{"id":909,"__str__":"Requerimento n\u00ba 60 de 2013","link_detail_backend":"/materia/909","metadata":{},"numero":60,"ano":2013,"numero_protocolo":null,"data_apresentacao":"2013-07-02","tipo_apresentacao":"E","data_publicacao":null,"numero_origem_externa":"","ano_origem_externa":null,"data_origem_externa":null,"apelido":"","dias_prazo":null,"data_fim_prazo":null,"em_tramitacao":false,"polemica":false,"objeto":"","complementar":false,"ementa":"QUE A MESA DIRETORA DESTA CASA, AGENDE PARA FINAL DO M\u00caS DE JULHO, AUDI\u00caNCIA P\u00daBLICA COM O TEMA: A RESPONSABILIDADE DA AGRICULTURA FAMILIAR DENTRO DO PROGRAMA NACIONAL DE ALIMENTA\u00c7\u00c3O ESCOLAR - PNAE E DO PROGRAMA DE AQUISI\u00c7\u00c3O DE ALIMENTOS &#8211; PAA.","indexacao":"","observacao":"","resultado":"","texto_original":null,"data_ultima_atualizacao":"2018-06-15T16:03:33.167408-03:00","ip":"","ultima_edicao":null,"tipo":3,"regime_tramitacao":1,"tipo_origem_externa":null,"local_origem_externa":null,"user":null,"anexadas":[],"autores":[16]}