{"id":1187,"__str__":"Requerimento n\u00ba 152 de 2018","link_detail_backend":"/materia/1187","metadata":{},"numero":152,"ano":2018,"numero_protocolo":null,"data_apresentacao":"2018-07-26","tipo_apresentacao":"E","data_publicacao":null,"numero_origem_externa":"","ano_origem_externa":null,"data_origem_externa":null,"apelido":"","dias_prazo":null,"data_fim_prazo":null,"em_tramitacao":true,"polemica":null,"objeto":"","complementar":null,"ementa":"que seja enviado of\u00edcio ao Senhor Governador Robinson Mesquita de Farias com c\u00f3pia a Secretaria de Educa\u00e7\u00e3o e Cultura do Rio Grande do Norte \u2013SEEC,  solicitando a inclus\u00e3o no cronograma anual  de atividades do projeto Casa das Palavras, contemplando e ampliando atividades  integradas a projetos culturais que possibilitam o acesso das pessoas aos livros, cord\u00e9is, teatro, m\u00fasica, quadrinhos bem como a instala\u00e7\u00e3o das minibibliotecas em diversos locais deste Munic\u00edpio.","indexacao":"","observacao":"","resultado":"","texto_original":null,"data_ultima_atualizacao":"2018-07-26T18:12:46.182580-03:00","ip":"","ultima_edicao":null,"tipo":3,"regime_tramitacao":2,"tipo_origem_externa":null,"local_origem_externa":null,"user":null,"anexadas":[],"autores":[]}